{"id":3096,"date":"2021-11-01T07:58:38","date_gmt":"2021-11-01T06:58:38","guid":{"rendered":"https:\/\/whyre.io\/featured-at-malmo-music-conference-2021-on-the-panel-your-music-your-business\/"},"modified":"2021-11-18T08:45:24","modified_gmt":"2021-11-18T07:45:24","slug":"featured-at-malmo-music-conference-2021-on-the-panel-your-music-your-business","status":"publish","type":"post","link":"https:\/\/whyre.io\/de\/featured-at-malmo-music-conference-2021-on-the-panel-your-music-your-business\/","title":{"rendered":"Teilnahme an der Diskussionsrunde \u201eIhre Musik &#8211; Ihr Gesch\u00e4ft\u201c auf der Malm\u00f6 Music Conference 2021"},"content":{"rendered":"\t\t<div data-elementor-type=\"wp-post\" data-elementor-id=\"3096\" class=\"elementor elementor-3096 elementor-1123\" data-elementor-post-type=\"post\">\n\t\t\t\t\t\t\t\t\t<section data-particle_enable=\"false\" data-particle-mobile-disabled=\"false\" class=\"elementor-section elementor-top-section elementor-element elementor-element-3d036a5c elementor-section-boxed elementor-section-height-default elementor-section-height-default\" data-id=\"3d036a5c\" data-element_type=\"section\">\n\t\t\t\t\t\t<div class=\"elementor-container elementor-column-gap-default\">\n\t\t\t\t\t<div class=\"elementor-column elementor-col-100 elementor-top-column elementor-element elementor-element-7fbc061\" data-id=\"7fbc061\" data-element_type=\"column\">\n\t\t\t<div class=\"elementor-widget-wrap elementor-element-populated\">\n\t\t\t\t\t\t\t\t<div class=\"elementor-element elementor-element-4f89a236 elementor-widget elementor-widget-text-editor\" data-id=\"4f89a236\" data-element_type=\"widget\" data-widget_type=\"text-editor.default\">\n\t\t\t\t<div class=\"elementor-widget-container\">\n\t\t\t<style>\/*! elementor - v3.16.0 - 09-10-2023 *\/\n.elementor-widget-text-editor.elementor-drop-cap-view-stacked .elementor-drop-cap{background-color:#69727d;color:#fff}.elementor-widget-text-editor.elementor-drop-cap-view-framed .elementor-drop-cap{color:#69727d;border:3px solid;background-color:transparent}.elementor-widget-text-editor:not(.elementor-drop-cap-view-default) .elementor-drop-cap{margin-top:8px}.elementor-widget-text-editor:not(.elementor-drop-cap-view-default) .elementor-drop-cap-letter{width:1em;height:1em}.elementor-widget-text-editor .elementor-drop-cap{float:left;text-align:center;line-height:1;font-size:50px}.elementor-widget-text-editor .elementor-drop-cap-letter{display:inline-block}<\/style>\t\t\t\t<p>Es war toll, auf der diesj\u00e4hrigen Malm\u00f6 Music Conference an der Diskussionsrunde \u201aIhre Musik &#8211; Ihr Gesch\u00e4ft\u2018 teilzunehmen (endlich zur\u00fcck vor Publikum). Im schnelllebigen modernen Musikgesch\u00e4ft m\u00fcssen Musiker sowohl kreativ als auch unternehmerisch und technikaffin sein. Gute Musik zu machen allein reicht nicht mehr aus. Von mindestens genauso gro\u00dfer Bedeutung ist es, unternehmerisch zu denken, da Erfolg nur durch Kombination dieser beiden Bereiche m\u00f6glich ist. An der Diskussionsrunde nahmen F\u00fchrungskr\u00e4fte von Technologieunternehmen wie Amuse, Low-Fi Concerts und Linkfire teil. Thema der Gespr\u00e4che war, wie man K\u00fcnstler dabei unterst\u00fctzen kann, sowohl die gewerblichen als auch die kreativen Herausforderungen als unabh\u00e4ngiger Musiker zu meistern.<\/p>\n\t\t\t\t\t\t<\/div>\n\t\t\t\t<\/div>\n\t\t\t\t\t<\/div>\n\t\t<\/div>\n\t\t\t\t\t\t\t<\/div>\n\t\t<\/section>\n\t\t\t\t\t\t\t<\/div>\n\t\t","protected":false},"excerpt":{"rendered":"<p>Es war toll, auf der diesj\u00e4hrigen Malm\u00f6 Music Conference an der Diskussionsrunde \u201aIhre Musik &#8211; Ihr Gesch\u00e4ft\u2018 teilzunehmen (endlich zur\u00fcck vor Publikum). Im schnelllebigen modernen Musikgesch\u00e4ft m\u00fcssen Musiker sowohl kreativ als auch unternehmerisch und technikaffin sein. Gute Musik zu machen allein reicht nicht mehr aus. Von mindestens genauso gro\u00dfer Bedeutung ist es, unternehmerisch zu denken, [&hellip;]<\/p>\n","protected":false},"author":3,"featured_media":2566,"comment_status":"open","ping_status":"open","sticky":false,"template":"","format":"standard","meta":{"footnotes":""},"categories":[22],"tags":[],"yoast_head":"<!-- This site is optimized with the Yoast SEO plugin v21.3 - https:\/\/yoast.com\/wordpress\/plugins\/seo\/ -->\n<title>Teilnahme an der Diskussionsrunde \u201eIhre Musik - Ihr Gesch\u00e4ft\u201c auf der Malm\u00f6 Music Conference 2021 | Whyre<\/title>\n<meta name=\"robots\" content=\"index, follow, max-snippet:-1, max-image-preview:large, max-video-preview:-1\" \/>\n<link rel=\"canonical\" href=\"https:\/\/whyre.io\/de\/featured-at-malmo-music-conference-2021-on-the-panel-your-music-your-business\/\" \/>\n<meta property=\"og:locale\" content=\"de_DE\" \/>\n<meta property=\"og:type\" content=\"article\" \/>\n<meta property=\"og:title\" content=\"Teilnahme an der Diskussionsrunde \u201eIhre Musik - Ihr Gesch\u00e4ft\u201c auf der Malm\u00f6 Music Conference 2021 | Whyre\" \/>\n<meta property=\"og:description\" content=\"Es war toll, auf der diesj\u00e4hrigen Malm\u00f6 Music Conference an der Diskussionsrunde \u201aIhre Musik &#8211; Ihr Gesch\u00e4ft\u2018 teilzunehmen (endlich zur\u00fcck vor Publikum). Im schnelllebigen modernen Musikgesch\u00e4ft m\u00fcssen Musiker sowohl kreativ als auch unternehmerisch und technikaffin sein. Gute Musik zu machen allein reicht nicht mehr aus. Von mindestens genauso gro\u00dfer Bedeutung ist es, unternehmerisch zu denken, [&hellip;]\" \/>\n<meta property=\"og:url\" content=\"https:\/\/whyre.io\/de\/featured-at-malmo-music-conference-2021-on-the-panel-your-music-your-business\/\" \/>\n<meta property=\"og:site_name\" content=\"Whyre\" \/>\n<meta property=\"article:published_time\" content=\"2021-11-01T06:58:38+00:00\" \/>\n<meta property=\"article:modified_time\" content=\"2021-11-18T07:45:24+00:00\" \/>\n<meta property=\"og:image\" content=\"https:\/\/whyre.io\/wp-content\/uploads\/2021\/09\/malmo-music-conference.jpg\" \/>\n\t<meta property=\"og:image:width\" content=\"2334\" \/>\n\t<meta property=\"og:image:height\" content=\"1558\" \/>\n\t<meta property=\"og:image:type\" content=\"image\/jpeg\" \/>\n<meta name=\"author\" content=\"Eddie Walker\" \/>\n<meta name=\"twitter:card\" content=\"summary_large_image\" \/>\n<meta name=\"twitter:label1\" content=\"Verfasst von\" \/>\n\t<meta name=\"twitter:data1\" content=\"Eddie Walker\" \/>\n\t<meta name=\"twitter:label2\" content=\"Gesch\u00e4tzte Lesezeit\" \/>\n\t<meta name=\"twitter:data2\" content=\"1\u00a0Minute\" \/>\n<script type=\"application\/ld+json\" class=\"yoast-schema-graph\">{\"@context\":\"https:\/\/schema.org\",\"@graph\":[{\"@type\":\"Article\",\"@id\":\"https:\/\/whyre.io\/de\/featured-at-malmo-music-conference-2021-on-the-panel-your-music-your-business\/#article\",\"isPartOf\":{\"@id\":\"https:\/\/whyre.io\/de\/featured-at-malmo-music-conference-2021-on-the-panel-your-music-your-business\/\"},\"author\":{\"name\":\"Eddie Walker\",\"@id\":\"https:\/\/whyre.io\/#\/schema\/person\/837acc09fe0595aa2e4964610fdcae3d\"},\"headline\":\"Teilnahme an der Diskussionsrunde \u201eIhre Musik &#8211; Ihr Gesch\u00e4ft\u201c auf der Malm\u00f6 Music Conference 2021\",\"datePublished\":\"2021-11-01T06:58:38+00:00\",\"dateModified\":\"2021-11-18T07:45:24+00:00\",\"mainEntityOfPage\":{\"@id\":\"https:\/\/whyre.io\/de\/featured-at-malmo-music-conference-2021-on-the-panel-your-music-your-business\/\"},\"wordCount\":130,\"commentCount\":0,\"publisher\":{\"@id\":\"https:\/\/whyre.io\/#organization\"},\"articleSection\":[\"Unkategorisiert\"],\"inLanguage\":\"de\",\"potentialAction\":[{\"@type\":\"CommentAction\",\"name\":\"Comment\",\"target\":[\"https:\/\/whyre.io\/de\/featured-at-malmo-music-conference-2021-on-the-panel-your-music-your-business\/#respond\"]}]},{\"@type\":\"WebPage\",\"@id\":\"https:\/\/whyre.io\/de\/featured-at-malmo-music-conference-2021-on-the-panel-your-music-your-business\/\",\"url\":\"https:\/\/whyre.io\/de\/featured-at-malmo-music-conference-2021-on-the-panel-your-music-your-business\/\",\"name\":\"Teilnahme an der Diskussionsrunde \u201eIhre Musik - Ihr Gesch\u00e4ft\u201c auf der Malm\u00f6 Music Conference 2021 | Whyre\",\"isPartOf\":{\"@id\":\"https:\/\/whyre.io\/#website\"},\"datePublished\":\"2021-11-01T06:58:38+00:00\",\"dateModified\":\"2021-11-18T07:45:24+00:00\",\"breadcrumb\":{\"@id\":\"https:\/\/whyre.io\/de\/featured-at-malmo-music-conference-2021-on-the-panel-your-music-your-business\/#breadcrumb\"},\"inLanguage\":\"de\",\"potentialAction\":[{\"@type\":\"ReadAction\",\"target\":[\"https:\/\/whyre.io\/de\/featured-at-malmo-music-conference-2021-on-the-panel-your-music-your-business\/\"]}]},{\"@type\":\"BreadcrumbList\",\"@id\":\"https:\/\/whyre.io\/de\/featured-at-malmo-music-conference-2021-on-the-panel-your-music-your-business\/#breadcrumb\",\"itemListElement\":[{\"@type\":\"ListItem\",\"position\":1,\"name\":\"Home\",\"item\":\"https:\/\/whyre.io\/de\/\"},{\"@type\":\"ListItem\",\"position\":2,\"name\":\"Teilnahme an der Diskussionsrunde \u201eIhre Musik &#8211; Ihr Gesch\u00e4ft\u201c auf der Malm\u00f6 Music Conference 2021\"}]},{\"@type\":\"WebSite\",\"@id\":\"https:\/\/whyre.io\/#website\",\"url\":\"https:\/\/whyre.io\/\",\"name\":\"Whyre\",\"description\":\"Driving High-Growth Ventures Forward.\",\"publisher\":{\"@id\":\"https:\/\/whyre.io\/#organization\"},\"potentialAction\":[{\"@type\":\"SearchAction\",\"target\":{\"@type\":\"EntryPoint\",\"urlTemplate\":\"https:\/\/whyre.io\/?s={search_term_string}\"},\"query-input\":\"required name=search_term_string\"}],\"inLanguage\":\"de\"},{\"@type\":\"Organization\",\"@id\":\"https:\/\/whyre.io\/#organization\",\"name\":\"Whyre: A Global Venture Advisory Network.\",\"url\":\"https:\/\/whyre.io\/\",\"logo\":{\"@type\":\"ImageObject\",\"inLanguage\":\"de\",\"@id\":\"https:\/\/whyre.io\/#\/schema\/logo\/image\/\",\"url\":\"https:\/\/whyre.io\/wp-content\/uploads\/2021\/10\/Logo_primary_blue.png\",\"contentUrl\":\"https:\/\/whyre.io\/wp-content\/uploads\/2021\/10\/Logo_primary_blue.png\",\"width\":2007,\"height\":366,\"caption\":\"Whyre: A Global Venture Advisory Network.\"},\"image\":{\"@id\":\"https:\/\/whyre.io\/#\/schema\/logo\/image\/\"}},{\"@type\":\"Person\",\"@id\":\"https:\/\/whyre.io\/#\/schema\/person\/837acc09fe0595aa2e4964610fdcae3d\",\"name\":\"Eddie Walker\",\"image\":{\"@type\":\"ImageObject\",\"inLanguage\":\"de\",\"@id\":\"https:\/\/whyre.io\/#\/schema\/person\/image\/\",\"url\":\"https:\/\/secure.gravatar.com\/avatar\/d1b3741a2275ddea573f613b50810177?s=96&d=mm&r=g\",\"contentUrl\":\"https:\/\/secure.gravatar.com\/avatar\/d1b3741a2275ddea573f613b50810177?s=96&d=mm&r=g\",\"caption\":\"Eddie Walker\"},\"sameAs\":[\"https:\/\/whyre.io\"],\"url\":\"https:\/\/whyre.io\/de\/author\/eddie\/\"}]}<\/script>\n<!-- \/ Yoast SEO plugin. -->","yoast_head_json":{"title":"Teilnahme an der Diskussionsrunde \u201eIhre Musik - Ihr Gesch\u00e4ft\u201c auf der Malm\u00f6 Music Conference 2021 | Whyre","robots":{"index":"index","follow":"follow","max-snippet":"max-snippet:-1","max-image-preview":"max-image-preview:large","max-video-preview":"max-video-preview:-1"},"canonical":"https:\/\/whyre.io\/de\/featured-at-malmo-music-conference-2021-on-the-panel-your-music-your-business\/","og_locale":"de_DE","og_type":"article","og_title":"Teilnahme an der Diskussionsrunde \u201eIhre Musik - Ihr Gesch\u00e4ft\u201c auf der Malm\u00f6 Music Conference 2021 | Whyre","og_description":"Es war toll, auf der diesj\u00e4hrigen Malm\u00f6 Music Conference an der Diskussionsrunde \u201aIhre Musik &#8211; Ihr Gesch\u00e4ft\u2018 teilzunehmen (endlich zur\u00fcck vor Publikum). Im schnelllebigen modernen Musikgesch\u00e4ft m\u00fcssen Musiker sowohl kreativ als auch unternehmerisch und technikaffin sein. Gute Musik zu machen allein reicht nicht mehr aus. Von mindestens genauso gro\u00dfer Bedeutung ist es, unternehmerisch zu denken, [&hellip;]","og_url":"https:\/\/whyre.io\/de\/featured-at-malmo-music-conference-2021-on-the-panel-your-music-your-business\/","og_site_name":"Whyre","article_published_time":"2021-11-01T06:58:38+00:00","article_modified_time":"2021-11-18T07:45:24+00:00","og_image":[{"width":2334,"height":1558,"url":"https:\/\/whyre.io\/wp-content\/uploads\/2021\/09\/malmo-music-conference.jpg","type":"image\/jpeg"}],"author":"Eddie Walker","twitter_card":"summary_large_image","twitter_misc":{"Verfasst von":"Eddie Walker","Gesch\u00e4tzte Lesezeit":"1\u00a0Minute"},"schema":{"@context":"https:\/\/schema.org","@graph":[{"@type":"Article","@id":"https:\/\/whyre.io\/de\/featured-at-malmo-music-conference-2021-on-the-panel-your-music-your-business\/#article","isPartOf":{"@id":"https:\/\/whyre.io\/de\/featured-at-malmo-music-conference-2021-on-the-panel-your-music-your-business\/"},"author":{"name":"Eddie Walker","@id":"https:\/\/whyre.io\/#\/schema\/person\/837acc09fe0595aa2e4964610fdcae3d"},"headline":"Teilnahme an der Diskussionsrunde \u201eIhre Musik &#8211; Ihr Gesch\u00e4ft\u201c auf der Malm\u00f6 Music Conference 2021","datePublished":"2021-11-01T06:58:38+00:00","dateModified":"2021-11-18T07:45:24+00:00","mainEntityOfPage":{"@id":"https:\/\/whyre.io\/de\/featured-at-malmo-music-conference-2021-on-the-panel-your-music-your-business\/"},"wordCount":130,"commentCount":0,"publisher":{"@id":"https:\/\/whyre.io\/#organization"},"articleSection":["Unkategorisiert"],"inLanguage":"de","potentialAction":[{"@type":"CommentAction","name":"Comment","target":["https:\/\/whyre.io\/de\/featured-at-malmo-music-conference-2021-on-the-panel-your-music-your-business\/#respond"]}]},{"@type":"WebPage","@id":"https:\/\/whyre.io\/de\/featured-at-malmo-music-conference-2021-on-the-panel-your-music-your-business\/","url":"https:\/\/whyre.io\/de\/featured-at-malmo-music-conference-2021-on-the-panel-your-music-your-business\/","name":"Teilnahme an der Diskussionsrunde \u201eIhre Musik - Ihr Gesch\u00e4ft\u201c auf der Malm\u00f6 Music Conference 2021 | Whyre","isPartOf":{"@id":"https:\/\/whyre.io\/#website"},"datePublished":"2021-11-01T06:58:38+00:00","dateModified":"2021-11-18T07:45:24+00:00","breadcrumb":{"@id":"https:\/\/whyre.io\/de\/featured-at-malmo-music-conference-2021-on-the-panel-your-music-your-business\/#breadcrumb"},"inLanguage":"de","potentialAction":[{"@type":"ReadAction","target":["https:\/\/whyre.io\/de\/featured-at-malmo-music-conference-2021-on-the-panel-your-music-your-business\/"]}]},{"@type":"BreadcrumbList","@id":"https:\/\/whyre.io\/de\/featured-at-malmo-music-conference-2021-on-the-panel-your-music-your-business\/#breadcrumb","itemListElement":[{"@type":"ListItem","position":1,"name":"Home","item":"https:\/\/whyre.io\/de\/"},{"@type":"ListItem","position":2,"name":"Teilnahme an der Diskussionsrunde \u201eIhre Musik &#8211; Ihr Gesch\u00e4ft\u201c auf der Malm\u00f6 Music Conference 2021"}]},{"@type":"WebSite","@id":"https:\/\/whyre.io\/#website","url":"https:\/\/whyre.io\/","name":"Whyre","description":"Driving High-Growth Ventures Forward.","publisher":{"@id":"https:\/\/whyre.io\/#organization"},"potentialAction":[{"@type":"SearchAction","target":{"@type":"EntryPoint","urlTemplate":"https:\/\/whyre.io\/?s={search_term_string}"},"query-input":"required name=search_term_string"}],"inLanguage":"de"},{"@type":"Organization","@id":"https:\/\/whyre.io\/#organization","name":"Whyre: A Global Venture Advisory Network.","url":"https:\/\/whyre.io\/","logo":{"@type":"ImageObject","inLanguage":"de","@id":"https:\/\/whyre.io\/#\/schema\/logo\/image\/","url":"https:\/\/whyre.io\/wp-content\/uploads\/2021\/10\/Logo_primary_blue.png","contentUrl":"https:\/\/whyre.io\/wp-content\/uploads\/2021\/10\/Logo_primary_blue.png","width":2007,"height":366,"caption":"Whyre: A Global Venture Advisory Network."},"image":{"@id":"https:\/\/whyre.io\/#\/schema\/logo\/image\/"}},{"@type":"Person","@id":"https:\/\/whyre.io\/#\/schema\/person\/837acc09fe0595aa2e4964610fdcae3d","name":"Eddie Walker","image":{"@type":"ImageObject","inLanguage":"de","@id":"https:\/\/whyre.io\/#\/schema\/person\/image\/","url":"https:\/\/secure.gravatar.com\/avatar\/d1b3741a2275ddea573f613b50810177?s=96&d=mm&r=g","contentUrl":"https:\/\/secure.gravatar.com\/avatar\/d1b3741a2275ddea573f613b50810177?s=96&d=mm&r=g","caption":"Eddie Walker"},"sameAs":["https:\/\/whyre.io"],"url":"https:\/\/whyre.io\/de\/author\/eddie\/"}]}},"_links":{"self":[{"href":"https:\/\/whyre.io\/de\/wp-json\/wp\/v2\/posts\/3096"}],"collection":[{"href":"https:\/\/whyre.io\/de\/wp-json\/wp\/v2\/posts"}],"about":[{"href":"https:\/\/whyre.io\/de\/wp-json\/wp\/v2\/types\/post"}],"author":[{"embeddable":true,"href":"https:\/\/whyre.io\/de\/wp-json\/wp\/v2\/users\/3"}],"replies":[{"embeddable":true,"href":"https:\/\/whyre.io\/de\/wp-json\/wp\/v2\/comments?post=3096"}],"version-history":[{"count":9,"href":"https:\/\/whyre.io\/de\/wp-json\/wp\/v2\/posts\/3096\/revisions"}],"predecessor-version":[{"id":5508,"href":"https:\/\/whyre.io\/de\/wp-json\/wp\/v2\/posts\/3096\/revisions\/5508"}],"wp:featuredmedia":[{"embeddable":true,"href":"https:\/\/whyre.io\/de\/wp-json\/wp\/v2\/media\/2566"}],"wp:attachment":[{"href":"https:\/\/whyre.io\/de\/wp-json\/wp\/v2\/media?parent=3096"}],"wp:term":[{"taxonomy":"category","embeddable":true,"href":"https:\/\/whyre.io\/de\/wp-json\/wp\/v2\/categories?post=3096"},{"taxonomy":"post_tag","embeddable":true,"href":"https:\/\/whyre.io\/de\/wp-json\/wp\/v2\/tags?post=3096"}],"curies":[{"name":"wp","href":"https:\/\/api.w.org\/{rel}","templated":true}]}}